{"id":80136,"date":"2026-09-01T11:56:40","date_gmt":"2026-09-01T09:56:40","guid":{"rendered":"https:\/\/www.k-s.lu\/?p=80136"},"modified":"2026-09-04T11:58:25","modified_gmt":"2026-09-04T09:58:25","slug":"monthly-comment-august-2026","status":"publish","type":"post","link":"https:\/\/www.k-s.lu\/sv\/monthly-comments\/2026\/09\/01\/monthly-comment-august-2026\/","title":{"rendered":"M\u00e5nadskommentar \u2013 augusti 2026"},"content":{"rendered":"<p>Trots en m\u00e5nad med \u00f6kade sp\u00e4nningar i Mellan\u00f6stern, oro f\u00f6r stigande l\u00e5ngr\u00e4ntor och fortsatt h\u00f6g geopolitisk os\u00e4kerhet lyckades de flesta av v\u00e4rldens stora b\u00f6rsindex summera augusti p\u00e5 plus. \u00c4ven Stockholmsb\u00f6rsen, som hade den l\u00e4ngsta sammanh\u00e4ngande nedg\u00e5ngsfasen sedan 2001 (\u00e4ven om nedg\u00e5ngen endast uppgick till lite drygt 2 procent), avslutade m\u00e5naden p\u00e5 plus.Efter signaler om att USA skulle ge upp sina milit\u00e4ra f\u00f6rs\u00f6k i Iran och i st\u00e4llet rikta in sig p\u00e5 ekonomisk krigsf\u00f6ring skedde en milit\u00e4r upptrappning i slutet av m\u00e5naden, vilket bland annat ledde till nya uppg\u00e5ngar i oljepriset. De stigande l\u00e5ngr\u00e4ntorna f\u00e5ngar alltmer investerares och politikers intresse. USA har f\u00f6rs\u00f6kt f\u00e5 ner de amerikanska r\u00e4ntorna, bland annat genom det amerikanska finansdepartementets \u00f6kade k\u00f6p av l\u00e5nga statsobligationer samt k\u00f6p av japanska yen. Effekten av \u00e5tg\u00e4rderna har \u00e4n s\u00e5 l\u00e4nge varit kortvarig, samtidigt som nya 30-\u00e5riga obligationer auktionerades ut p\u00e5 r\u00e4nteniv\u00e5er som vi inte sett p\u00e5 25 \u00e5r. Fr\u00e5n Sverige kom en stark BNP-siffra, samtidigt som Riksbanken l\u00e4mnade r\u00e4ntan of\u00f6r\u00e4ndrad. En h\u00f6jning kan dock bli aktuell vid n\u00e4sta m\u00f6te. Den nya Fed-chefen Kevin Warsh talade vid den \u00e5rliga centralbankskonferensen i Jackson Hole. Han po\u00e4ngterade att inflationen ligger \u00f6ver 2-procentsm\u00e5let och att centralbanken kan beh\u00f6va vidta \u00e5tg\u00e4rder om den inte kommer ner. Marknaden tolkade det som att en r\u00e4nteh\u00f6jning \u00e4r alltmer trolig, \u00e4ven om det \u00e4r n\u00e5got Fed f\u00f6rmodligen helst vill undvika.<\/p>\n<p><a href=\"https:\/\/www.k-s.lu\/wp-content\/uploads\/2026\/09\/Manadskommentar-augusti-2026.pdf\">M\u00e5nadskommentar augusti 2026<\/a><\/p>\n<p><a href=\"https:\/\/www.k-s.lu\/wp-content\/uploads\/2026\/09\/Monthly-Comment-August-2026.pdf\">Monthly Comment August 2026<\/a><\/p>","protected":false},"excerpt":{"rendered":"<p>Despite a month marked by heightened tensions in the Middle East, concerns over rising long-term interest rates, and continued high geopolitical uncertainty, most of the world\u2019s major stock market indices managed to finish August in positive territory. The Stockholm Stock Exchange also&#8230;<\/p>","protected":false},"author":2,"featured_media":0,"comment_status":"closed","ping_status":"closed","sticky":false,"template":"","format":"standard","meta":{"footnotes":""},"categories":[67],"tags":[],"class_list":["post-80136","post","type-post","status-publish","format-standard","hentry","category-monthly-comments"],"yoast_head":"<!-- This site is optimized with the Yoast SEO plugin v25.9 - https:\/\/yoast.com\/wordpress\/plugins\/seo\/ -->\n<title>Monthly Comment \u2013 August 2026 | Kuylenstierna &amp; Skog S.A<\/title>\n<meta name=\"robots\" content=\"index, follow, max-snippet:-1, max-image-preview:large, max-video-preview:-1\" \/>\n<link rel=\"canonical\" href=\"https:\/\/www.k-s.lu\/sv\/monthly-comments\/2026\/09\/01\/monthly-comment-august-2026\/\" \/>\n<meta property=\"og:locale\" content=\"sv_SE\" \/>\n<meta property=\"og:type\" content=\"article\" \/>\n<meta property=\"og:title\" content=\"Monthly Comment \u2013 August 2026 | Kuylenstierna &amp; Skog S.A\" \/>\n<meta property=\"og:description\" content=\"Despite a month marked by heightened tensions in the Middle East, concerns over rising long-term interest rates, and continued high geopolitical uncertainty, most of the world\u2019s major stock market indices managed to finish August in positive territory. The Stockholm Stock Exchange also...\" \/>\n<meta property=\"og:url\" content=\"https:\/\/www.k-s.lu\/sv\/monthly-comments\/2026\/09\/01\/monthly-comment-august-2026\/\" \/>\n<meta property=\"og:site_name\" content=\"Kuylenstierna &amp; Skog S.A\" \/>\n<meta property=\"article:published_time\" content=\"2026-09-01T09:56:40+00:00\" \/>\n<meta property=\"article:modified_time\" content=\"2026-09-04T09:58:25+00:00\" \/>\n<meta name=\"author\" content=\"Johan Kjernsvik\" \/>\n<meta name=\"twitter:card\" content=\"summary_large_image\" \/>\n<meta name=\"twitter:label1\" content=\"Skriven av\" \/>\n\t<meta name=\"twitter:data1\" content=\"Johan Kjernsvik\" \/>\n\t<meta name=\"twitter:label2\" content=\"Ber\u00e4knad l\u00e4stid\" \/>\n\t<meta name=\"twitter:data2\" content=\"2 minuter\" \/>\n<script type=\"application\/ld+json\" class=\"yoast-schema-graph\">{\"@context\":\"https:\/\/schema.org\",\"@graph\":[{\"@type\":\"Article\",\"@id\":\"https:\/\/www.k-s.lu\/monthly-comments\/2026\/09\/01\/monthly-comment-august-2026\/#article\",\"isPartOf\":{\"@id\":\"https:\/\/www.k-s.lu\/monthly-comments\/2026\/09\/01\/monthly-comment-august-2026\/\"},\"author\":{\"name\":\"Johan Kjernsvik\",\"@id\":\"https:\/\/www.k-s.lu\/sv\/#\/schema\/person\/79b4731052a3627b7cf4c1d87b176c06\"},\"headline\":\"Monthly Comment \u2013 August 2026\",\"datePublished\":\"2026-09-01T09:56:40+00:00\",\"dateModified\":\"2026-09-04T09:58:25+00:00\",\"mainEntityOfPage\":{\"@id\":\"https:\/\/www.k-s.lu\/monthly-comments\/2026\/09\/01\/monthly-comment-august-2026\/\"},\"wordCount\":268,\"publisher\":{\"@id\":\"https:\/\/www.k-s.lu\/sv\/#organization\"},\"articleSection\":[\"Monthly Comments\"],\"inLanguage\":\"sv-SE\"},{\"@type\":\"WebPage\",\"@id\":\"https:\/\/www.k-s.lu\/monthly-comments\/2026\/09\/01\/monthly-comment-august-2026\/\",\"url\":\"https:\/\/www.k-s.lu\/monthly-comments\/2026\/09\/01\/monthly-comment-august-2026\/\",\"name\":\"Monthly Comment \u2013 August 2026 | Kuylenstierna &amp; Skog S.A\",\"isPartOf\":{\"@id\":\"https:\/\/www.k-s.lu\/sv\/#website\"},\"datePublished\":\"2026-09-01T09:56:40+00:00\",\"dateModified\":\"2026-09-04T09:58:25+00:00\",\"breadcrumb\":{\"@id\":\"https:\/\/www.k-s.lu\/monthly-comments\/2026\/09\/01\/monthly-comment-august-2026\/#breadcrumb\"},\"inLanguage\":\"sv-SE\",\"potentialAction\":[{\"@type\":\"ReadAction\",\"target\":[\"https:\/\/www.k-s.lu\/monthly-comments\/2026\/09\/01\/monthly-comment-august-2026\/\"]}]},{\"@type\":\"BreadcrumbList\",\"@id\":\"https:\/\/www.k-s.lu\/monthly-comments\/2026\/09\/01\/monthly-comment-august-2026\/#breadcrumb\",\"itemListElement\":[{\"@type\":\"ListItem\",\"position\":1,\"name\":\"Home\",\"item\":\"https:\/\/www.k-s.lu\/sv\/\"},{\"@type\":\"ListItem\",\"position\":2,\"name\":\"Monthly Comment \u2013 August 2026\"}]},{\"@type\":\"WebSite\",\"@id\":\"https:\/\/www.k-s.lu\/sv\/#website\",\"url\":\"https:\/\/www.k-s.lu\/sv\/\",\"name\":\"Kuylenstierna &amp; Skog S.A\",\"description\":\"Asset Management\",\"publisher\":{\"@id\":\"https:\/\/www.k-s.lu\/sv\/#organization\"},\"potentialAction\":[{\"@type\":\"SearchAction\",\"target\":{\"@type\":\"EntryPoint\",\"urlTemplate\":\"https:\/\/www.k-s.lu\/sv\/?s={search_term_string}\"},\"query-input\":{\"@type\":\"PropertyValueSpecification\",\"valueRequired\":true,\"valueName\":\"search_term_string\"}}],\"inLanguage\":\"sv-SE\"},{\"@type\":\"Organization\",\"@id\":\"https:\/\/www.k-s.lu\/sv\/#organization\",\"name\":\"Kuylenstierna & Skog S.A\",\"url\":\"https:\/\/www.k-s.lu\/sv\/\",\"logo\":{\"@type\":\"ImageObject\",\"inLanguage\":\"sv-SE\",\"@id\":\"https:\/\/www.k-s.lu\/sv\/#\/schema\/logo\/image\/\",\"url\":\"https:\/\/www.k-s.lu\/wp-content\/uploads\/2019\/05\/ks-wplogo.png\",\"contentUrl\":\"https:\/\/www.k-s.lu\/wp-content\/uploads\/2019\/05\/ks-wplogo.png\",\"width\":190,\"height\":190,\"caption\":\"Kuylenstierna & Skog S.A\"},\"image\":{\"@id\":\"https:\/\/www.k-s.lu\/sv\/#\/schema\/logo\/image\/\"},\"sameAs\":[\"https:\/\/www.linkedin.com\/company\/kuylenstierna-skog-s-a\/\"]},{\"@type\":\"Person\",\"@id\":\"https:\/\/www.k-s.lu\/sv\/#\/schema\/person\/79b4731052a3627b7cf4c1d87b176c06\",\"name\":\"Johan Kjernsvik\",\"image\":{\"@type\":\"ImageObject\",\"inLanguage\":\"sv-SE\",\"@id\":\"https:\/\/www.k-s.lu\/sv\/#\/schema\/person\/image\/\",\"url\":\"https:\/\/secure.gravatar.com\/avatar\/587564a77601440e1ff41bd62c48db47dc5546bd011159792442a4ba88e031fa?s=96&d=mm&r=g\",\"contentUrl\":\"https:\/\/secure.gravatar.com\/avatar\/587564a77601440e1ff41bd62c48db47dc5546bd011159792442a4ba88e031fa?s=96&d=mm&r=g\",\"caption\":\"Johan Kjernsvik\"}}]}<\/script>\n<!-- \/ Yoast SEO plugin. -->","yoast_head_json":{"title":"Monthly Comment \u2013 August 2026 | Kuylenstierna &amp; Skog S.A","robots":{"index":"index","follow":"follow","max-snippet":"max-snippet:-1","max-image-preview":"max-image-preview:large","max-video-preview":"max-video-preview:-1"},"canonical":"https:\/\/www.k-s.lu\/sv\/monthly-comments\/2026\/09\/01\/monthly-comment-august-2026\/","og_locale":"sv_SE","og_type":"article","og_title":"Monthly Comment \u2013 August 2026 | Kuylenstierna &amp; Skog S.A","og_description":"Despite a month marked by heightened tensions in the Middle East, concerns over rising long-term interest rates, and continued high geopolitical uncertainty, most of the world\u2019s major stock market indices managed to finish August in positive territory. The Stockholm Stock Exchange also...","og_url":"https:\/\/www.k-s.lu\/sv\/monthly-comments\/2026\/09\/01\/monthly-comment-august-2026\/","og_site_name":"Kuylenstierna &amp; Skog S.A","article_published_time":"2026-09-01T09:56:40+00:00","article_modified_time":"2026-09-04T09:58:25+00:00","author":"Johan Kjernsvik","twitter_card":"summary_large_image","twitter_misc":{"Skriven av":"Johan Kjernsvik","Ber\u00e4knad l\u00e4stid":"2 minuter"},"schema":{"@context":"https:\/\/schema.org","@graph":[{"@type":"Article","@id":"https:\/\/www.k-s.lu\/monthly-comments\/2026\/09\/01\/monthly-comment-august-2026\/#article","isPartOf":{"@id":"https:\/\/www.k-s.lu\/monthly-comments\/2026\/09\/01\/monthly-comment-august-2026\/"},"author":{"name":"Johan Kjernsvik","@id":"https:\/\/www.k-s.lu\/sv\/#\/schema\/person\/79b4731052a3627b7cf4c1d87b176c06"},"headline":"Monthly Comment \u2013 August 2026","datePublished":"2026-09-01T09:56:40+00:00","dateModified":"2026-09-04T09:58:25+00:00","mainEntityOfPage":{"@id":"https:\/\/www.k-s.lu\/monthly-comments\/2026\/09\/01\/monthly-comment-august-2026\/"},"wordCount":268,"publisher":{"@id":"https:\/\/www.k-s.lu\/sv\/#organization"},"articleSection":["Monthly Comments"],"inLanguage":"sv-SE"},{"@type":"WebPage","@id":"https:\/\/www.k-s.lu\/monthly-comments\/2026\/09\/01\/monthly-comment-august-2026\/","url":"https:\/\/www.k-s.lu\/monthly-comments\/2026\/09\/01\/monthly-comment-august-2026\/","name":"Monthly Comment \u2013 August 2026 | Kuylenstierna &amp; Skog S.A","isPartOf":{"@id":"https:\/\/www.k-s.lu\/sv\/#website"},"datePublished":"2026-09-01T09:56:40+00:00","dateModified":"2026-09-04T09:58:25+00:00","breadcrumb":{"@id":"https:\/\/www.k-s.lu\/monthly-comments\/2026\/09\/01\/monthly-comment-august-2026\/#breadcrumb"},"inLanguage":"sv-SE","potentialAction":[{"@type":"ReadAction","target":["https:\/\/www.k-s.lu\/monthly-comments\/2026\/09\/01\/monthly-comment-august-2026\/"]}]},{"@type":"BreadcrumbList","@id":"https:\/\/www.k-s.lu\/monthly-comments\/2026\/09\/01\/monthly-comment-august-2026\/#breadcrumb","itemListElement":[{"@type":"ListItem","position":1,"name":"Home","item":"https:\/\/www.k-s.lu\/sv\/"},{"@type":"ListItem","position":2,"name":"Monthly Comment \u2013 August 2026"}]},{"@type":"WebSite","@id":"https:\/\/www.k-s.lu\/sv\/#website","url":"https:\/\/www.k-s.lu\/sv\/","name":"Kuylenstierna &amp; Skog S.A","description":"Kapitalf\u00f6rvaltning","publisher":{"@id":"https:\/\/www.k-s.lu\/sv\/#organization"},"potentialAction":[{"@type":"SearchAction","target":{"@type":"EntryPoint","urlTemplate":"https:\/\/www.k-s.lu\/sv\/?s={search_term_string}"},"query-input":{"@type":"PropertyValueSpecification","valueRequired":true,"valueName":"search_term_string"}}],"inLanguage":"sv-SE"},{"@type":"Organization","@id":"https:\/\/www.k-s.lu\/sv\/#organization","name":"Kuylenstierna &amp; Skog S.A","url":"https:\/\/www.k-s.lu\/sv\/","logo":{"@type":"ImageObject","inLanguage":"sv-SE","@id":"https:\/\/www.k-s.lu\/sv\/#\/schema\/logo\/image\/","url":"https:\/\/www.k-s.lu\/wp-content\/uploads\/2019\/05\/ks-wplogo.png","contentUrl":"https:\/\/www.k-s.lu\/wp-content\/uploads\/2019\/05\/ks-wplogo.png","width":190,"height":190,"caption":"Kuylenstierna & Skog S.A"},"image":{"@id":"https:\/\/www.k-s.lu\/sv\/#\/schema\/logo\/image\/"},"sameAs":["https:\/\/www.linkedin.com\/company\/kuylenstierna-skog-s-a\/"]},{"@type":"Person","@id":"https:\/\/www.k-s.lu\/sv\/#\/schema\/person\/79b4731052a3627b7cf4c1d87b176c06","name":"Johan Kjernsvik","image":{"@type":"ImageObject","inLanguage":"sv-SE","@id":"https:\/\/www.k-s.lu\/sv\/#\/schema\/person\/image\/","url":"https:\/\/secure.gravatar.com\/avatar\/587564a77601440e1ff41bd62c48db47dc5546bd011159792442a4ba88e031fa?s=96&d=mm&r=g","contentUrl":"https:\/\/secure.gravatar.com\/avatar\/587564a77601440e1ff41bd62c48db47dc5546bd011159792442a4ba88e031fa?s=96&d=mm&r=g","caption":"Johan Kjernsvik"}}]}},"_links":{"self":[{"href":"https:\/\/www.k-s.lu\/sv\/wp-json\/wp\/v2\/posts\/80136","targetHints":{"allow":["GET"]}}],"collection":[{"href":"https:\/\/www.k-s.lu\/sv\/wp-json\/wp\/v2\/posts"}],"about":[{"href":"https:\/\/www.k-s.lu\/sv\/wp-json\/wp\/v2\/types\/post"}],"author":[{"embeddable":true,"href":"https:\/\/www.k-s.lu\/sv\/wp-json\/wp\/v2\/users\/2"}],"replies":[{"embeddable":true,"href":"https:\/\/www.k-s.lu\/sv\/wp-json\/wp\/v2\/comments?post=80136"}],"version-history":[{"count":1,"href":"https:\/\/www.k-s.lu\/sv\/wp-json\/wp\/v2\/posts\/80136\/revisions"}],"predecessor-version":[{"id":80139,"href":"https:\/\/www.k-s.lu\/sv\/wp-json\/wp\/v2\/posts\/80136\/revisions\/80139"}],"wp:attachment":[{"href":"https:\/\/www.k-s.lu\/sv\/wp-json\/wp\/v2\/media?parent=80136"}],"wp:term":[{"taxonomy":"category","embeddable":true,"href":"https:\/\/www.k-s.lu\/sv\/wp-json\/wp\/v2\/categories?post=80136"},{"taxonomy":"post_tag","embeddable":true,"href":"https:\/\/www.k-s.lu\/sv\/wp-json\/wp\/v2\/tags?post=80136"}],"curies":[{"name":"wp","href":"https:\/\/api.w.org\/{rel}","templated":true}]}}