{"id":79490,"date":"2020-09-01T14:54:00","date_gmt":"2020-09-01T12:54:00","guid":{"rendered":"https:\/\/www.k-s.lu\/?p=79490"},"modified":"2020-09-07T14:57:27","modified_gmt":"2020-09-07T12:57:27","slug":"monthly-comment-august-2020","status":"publish","type":"post","link":"https:\/\/www.k-s.lu\/sv\/monthly-comments\/2020\/09\/01\/monthly-comment-august-2020\/","title":{"rendered":"M\u00e5nadskommentar augusti 2020"},"content":{"rendered":"<p><strong>Under augusti utvecklades de finansiella marknaderna mestadels positivt. Starkast uppg\u00e5ng uppvisade tillv\u00e4xtbolag inom tech-sektorn, d\u00e4r Nasdaqb\u00f6rsen i USA ledde utvecklingen. Under m\u00e5naden redovisades en del ekonomisk statistik, bland annat BNP-siffror f\u00f6r Sverige. De visade p\u00e5 en fallande tillv\u00e4xt i linje med \u00f6vriga v\u00e4rlden, n\u00e5got som ocks\u00e5 var enligt f\u00f6rv\u00e4ntan. Sedan v\u00e5rens kraftiga nedg\u00e5ngar av ekonomisk aktivitet ser vi dock en viss \u00e5terh\u00e4mtning. Fr\u00e5n centralbankernas h\u00e5ll var den stora nyheten att den amerikanska centralbanken, FED, meddelade att de fr\u00e5ng\u00e5r det nuvarande, strikta inflationsm\u00e5let p\u00e5 tv\u00e5 procent och ist\u00e4llet till\u00e5ter en inflation p\u00e5 tv\u00e5 procent \u00f6ver tid. Det inneb\u00e4r ett mer flexibelt syns\u00e4tt d\u00e4r perioder av b\u00e5de l\u00e4gre och h\u00f6gre inflation till\u00e5ts.<\/strong><\/p>\n\n\n\n<div class=\"wp-block-file\"><a href=\"https:\/\/www.k-s.lu\/wp-content\/uploads\/2020\/09\/M\u00e5nadskommentar-augusti-2020.pdf\">M\u00e5nadskommentar-augusti-2020<\/a><a href=\"https:\/\/www.k-s.lu\/wp-content\/uploads\/2020\/09\/M\u00e5nadskommentar-augusti-2020.pdf\" class=\"wp-block-file__button\" download>Ladda ner<\/a><\/div>\n\n\n\n<div class=\"wp-block-file\"><a href=\"https:\/\/www.k-s.lu\/wp-content\/uploads\/2020\/09\/Monthly-Comment-August-2020.pdf\">Monthly-Comment-August-2020<\/a><a href=\"https:\/\/www.k-s.lu\/wp-content\/uploads\/2020\/09\/Monthly-Comment-August-2020.pdf\" class=\"wp-block-file__button\" download>Ladda ner<\/a><\/div>","protected":false},"excerpt":{"rendered":"<p>Under augusti utvecklades de finansiella marknaderna mestadels positivt. Starkast uppg\u00e5ng uppvisade tillv\u00e4xtbolag inom tech-sektorn, d\u00e4r Nasdaqb\u00f6rsen i USA ledde utvecklingen. <\/p>","protected":false},"author":2,"featured_media":0,"comment_status":"closed","ping_status":"closed","sticky":false,"template":"","format":"standard","meta":{"footnotes":""},"categories":[67],"tags":[],"class_list":["post-79490","post","type-post","status-publish","format-standard","hentry","category-monthly-comments"],"yoast_head":"<!-- This site is optimized with the Yoast SEO plugin v25.9 - https:\/\/yoast.com\/wordpress\/plugins\/seo\/ -->\n<title>Monthly Comment August 2020 | Kuylenstierna &amp; Skog S.A<\/title>\n<meta name=\"robots\" content=\"index, follow, max-snippet:-1, max-image-preview:large, max-video-preview:-1\" \/>\n<link rel=\"canonical\" href=\"https:\/\/www.k-s.lu\/sv\/monthly-comments\/2020\/09\/01\/monthly-comment-august-2020\/\" \/>\n<meta property=\"og:locale\" content=\"sv_SE\" \/>\n<meta property=\"og:type\" content=\"article\" \/>\n<meta property=\"og:title\" content=\"Monthly Comment August 2020 | Kuylenstierna &amp; Skog S.A\" \/>\n<meta property=\"og:description\" content=\"During August, the financial markets continued to rise. The positive momentum was led by growth companies in the tech sector and the Nasdaq Index rose sharply.\" \/>\n<meta property=\"og:url\" content=\"https:\/\/www.k-s.lu\/sv\/monthly-comments\/2020\/09\/01\/monthly-comment-august-2020\/\" \/>\n<meta property=\"og:site_name\" content=\"Kuylenstierna &amp; Skog S.A\" \/>\n<meta property=\"article:published_time\" content=\"2020-09-01T12:54:00+00:00\" \/>\n<meta property=\"article:modified_time\" content=\"2020-09-07T12:57:27+00:00\" \/>\n<meta name=\"author\" content=\"Johan Kjernsvik\" \/>\n<meta name=\"twitter:card\" content=\"summary_large_image\" \/>\n<meta name=\"twitter:label1\" content=\"Skriven av\" \/>\n\t<meta name=\"twitter:data1\" content=\"Johan Kjernsvik\" \/>\n\t<meta name=\"twitter:label2\" content=\"Ber\u00e4knad l\u00e4stid\" \/>\n\t<meta name=\"twitter:data2\" content=\"1 minut\" \/>\n<script type=\"application\/ld+json\" class=\"yoast-schema-graph\">{\"@context\":\"https:\/\/schema.org\",\"@graph\":[{\"@type\":\"Article\",\"@id\":\"https:\/\/www.k-s.lu\/monthly-comments\/2020\/09\/01\/monthly-comment-august-2020\/#article\",\"isPartOf\":{\"@id\":\"https:\/\/www.k-s.lu\/monthly-comments\/2020\/09\/01\/monthly-comment-august-2020\/\"},\"author\":{\"name\":\"Johan Kjernsvik\",\"@id\":\"https:\/\/www.k-s.lu\/sv\/#\/schema\/person\/79b4731052a3627b7cf4c1d87b176c06\"},\"headline\":\"Monthly Comment August 2020\",\"datePublished\":\"2020-09-01T12:54:00+00:00\",\"dateModified\":\"2020-09-07T12:57:27+00:00\",\"mainEntityOfPage\":{\"@id\":\"https:\/\/www.k-s.lu\/monthly-comments\/2020\/09\/01\/monthly-comment-august-2020\/\"},\"wordCount\":129,\"publisher\":{\"@id\":\"https:\/\/www.k-s.lu\/sv\/#organization\"},\"articleSection\":[\"Monthly Comments\"],\"inLanguage\":\"sv-SE\"},{\"@type\":\"WebPage\",\"@id\":\"https:\/\/www.k-s.lu\/monthly-comments\/2020\/09\/01\/monthly-comment-august-2020\/\",\"url\":\"https:\/\/www.k-s.lu\/monthly-comments\/2020\/09\/01\/monthly-comment-august-2020\/\",\"name\":\"Monthly Comment August 2020 | Kuylenstierna &amp; Skog S.A\",\"isPartOf\":{\"@id\":\"https:\/\/www.k-s.lu\/sv\/#website\"},\"datePublished\":\"2020-09-01T12:54:00+00:00\",\"dateModified\":\"2020-09-07T12:57:27+00:00\",\"breadcrumb\":{\"@id\":\"https:\/\/www.k-s.lu\/monthly-comments\/2020\/09\/01\/monthly-comment-august-2020\/#breadcrumb\"},\"inLanguage\":\"sv-SE\",\"potentialAction\":[{\"@type\":\"ReadAction\",\"target\":[\"https:\/\/www.k-s.lu\/monthly-comments\/2020\/09\/01\/monthly-comment-august-2020\/\"]}]},{\"@type\":\"BreadcrumbList\",\"@id\":\"https:\/\/www.k-s.lu\/monthly-comments\/2020\/09\/01\/monthly-comment-august-2020\/#breadcrumb\",\"itemListElement\":[{\"@type\":\"ListItem\",\"position\":1,\"name\":\"Home\",\"item\":\"https:\/\/www.k-s.lu\/sv\/\"},{\"@type\":\"ListItem\",\"position\":2,\"name\":\"Monthly Comment August 2020\"}]},{\"@type\":\"WebSite\",\"@id\":\"https:\/\/www.k-s.lu\/sv\/#website\",\"url\":\"https:\/\/www.k-s.lu\/sv\/\",\"name\":\"Kuylenstierna &amp; Skog S.A\",\"description\":\"Asset Management\",\"publisher\":{\"@id\":\"https:\/\/www.k-s.lu\/sv\/#organization\"},\"potentialAction\":[{\"@type\":\"SearchAction\",\"target\":{\"@type\":\"EntryPoint\",\"urlTemplate\":\"https:\/\/www.k-s.lu\/sv\/?s={search_term_string}\"},\"query-input\":{\"@type\":\"PropertyValueSpecification\",\"valueRequired\":true,\"valueName\":\"search_term_string\"}}],\"inLanguage\":\"sv-SE\"},{\"@type\":\"Organization\",\"@id\":\"https:\/\/www.k-s.lu\/sv\/#organization\",\"name\":\"Kuylenstierna & Skog S.A\",\"url\":\"https:\/\/www.k-s.lu\/sv\/\",\"logo\":{\"@type\":\"ImageObject\",\"inLanguage\":\"sv-SE\",\"@id\":\"https:\/\/www.k-s.lu\/sv\/#\/schema\/logo\/image\/\",\"url\":\"https:\/\/www.k-s.lu\/wp-content\/uploads\/2019\/05\/ks-wplogo.png\",\"contentUrl\":\"https:\/\/www.k-s.lu\/wp-content\/uploads\/2019\/05\/ks-wplogo.png\",\"width\":190,\"height\":190,\"caption\":\"Kuylenstierna & Skog S.A\"},\"image\":{\"@id\":\"https:\/\/www.k-s.lu\/sv\/#\/schema\/logo\/image\/\"},\"sameAs\":[\"https:\/\/www.linkedin.com\/company\/kuylenstierna-skog-s-a\/\"]},{\"@type\":\"Person\",\"@id\":\"https:\/\/www.k-s.lu\/sv\/#\/schema\/person\/79b4731052a3627b7cf4c1d87b176c06\",\"name\":\"Johan Kjernsvik\",\"image\":{\"@type\":\"ImageObject\",\"inLanguage\":\"sv-SE\",\"@id\":\"https:\/\/www.k-s.lu\/sv\/#\/schema\/person\/image\/\",\"url\":\"https:\/\/secure.gravatar.com\/avatar\/587564a77601440e1ff41bd62c48db47dc5546bd011159792442a4ba88e031fa?s=96&d=mm&r=g\",\"contentUrl\":\"https:\/\/secure.gravatar.com\/avatar\/587564a77601440e1ff41bd62c48db47dc5546bd011159792442a4ba88e031fa?s=96&d=mm&r=g\",\"caption\":\"Johan Kjernsvik\"}}]}<\/script>\n<!-- \/ Yoast SEO plugin. -->","yoast_head_json":{"title":"Monthly Comment August 2020 | Kuylenstierna &amp; Skog S.A","robots":{"index":"index","follow":"follow","max-snippet":"max-snippet:-1","max-image-preview":"max-image-preview:large","max-video-preview":"max-video-preview:-1"},"canonical":"https:\/\/www.k-s.lu\/sv\/monthly-comments\/2020\/09\/01\/monthly-comment-august-2020\/","og_locale":"sv_SE","og_type":"article","og_title":"Monthly Comment August 2020 | Kuylenstierna &amp; Skog S.A","og_description":"During August, the financial markets continued to rise. The positive momentum was led by growth companies in the tech sector and the Nasdaq Index rose sharply.","og_url":"https:\/\/www.k-s.lu\/sv\/monthly-comments\/2020\/09\/01\/monthly-comment-august-2020\/","og_site_name":"Kuylenstierna &amp; Skog S.A","article_published_time":"2020-09-01T12:54:00+00:00","article_modified_time":"2020-09-07T12:57:27+00:00","author":"Johan Kjernsvik","twitter_card":"summary_large_image","twitter_misc":{"Skriven av":"Johan Kjernsvik","Ber\u00e4knad l\u00e4stid":"1 minut"},"schema":{"@context":"https:\/\/schema.org","@graph":[{"@type":"Article","@id":"https:\/\/www.k-s.lu\/monthly-comments\/2020\/09\/01\/monthly-comment-august-2020\/#article","isPartOf":{"@id":"https:\/\/www.k-s.lu\/monthly-comments\/2020\/09\/01\/monthly-comment-august-2020\/"},"author":{"name":"Johan Kjernsvik","@id":"https:\/\/www.k-s.lu\/sv\/#\/schema\/person\/79b4731052a3627b7cf4c1d87b176c06"},"headline":"Monthly Comment August 2020","datePublished":"2020-09-01T12:54:00+00:00","dateModified":"2020-09-07T12:57:27+00:00","mainEntityOfPage":{"@id":"https:\/\/www.k-s.lu\/monthly-comments\/2020\/09\/01\/monthly-comment-august-2020\/"},"wordCount":129,"publisher":{"@id":"https:\/\/www.k-s.lu\/sv\/#organization"},"articleSection":["Monthly Comments"],"inLanguage":"sv-SE"},{"@type":"WebPage","@id":"https:\/\/www.k-s.lu\/monthly-comments\/2020\/09\/01\/monthly-comment-august-2020\/","url":"https:\/\/www.k-s.lu\/monthly-comments\/2020\/09\/01\/monthly-comment-august-2020\/","name":"Monthly Comment August 2020 | Kuylenstierna &amp; Skog S.A","isPartOf":{"@id":"https:\/\/www.k-s.lu\/sv\/#website"},"datePublished":"2020-09-01T12:54:00+00:00","dateModified":"2020-09-07T12:57:27+00:00","breadcrumb":{"@id":"https:\/\/www.k-s.lu\/monthly-comments\/2020\/09\/01\/monthly-comment-august-2020\/#breadcrumb"},"inLanguage":"sv-SE","potentialAction":[{"@type":"ReadAction","target":["https:\/\/www.k-s.lu\/monthly-comments\/2020\/09\/01\/monthly-comment-august-2020\/"]}]},{"@type":"BreadcrumbList","@id":"https:\/\/www.k-s.lu\/monthly-comments\/2020\/09\/01\/monthly-comment-august-2020\/#breadcrumb","itemListElement":[{"@type":"ListItem","position":1,"name":"Home","item":"https:\/\/www.k-s.lu\/sv\/"},{"@type":"ListItem","position":2,"name":"Monthly Comment August 2020"}]},{"@type":"WebSite","@id":"https:\/\/www.k-s.lu\/sv\/#website","url":"https:\/\/www.k-s.lu\/sv\/","name":"Kuylenstierna &amp; Skog S.A","description":"Kapitalf\u00f6rvaltning","publisher":{"@id":"https:\/\/www.k-s.lu\/sv\/#organization"},"potentialAction":[{"@type":"SearchAction","target":{"@type":"EntryPoint","urlTemplate":"https:\/\/www.k-s.lu\/sv\/?s={search_term_string}"},"query-input":{"@type":"PropertyValueSpecification","valueRequired":true,"valueName":"search_term_string"}}],"inLanguage":"sv-SE"},{"@type":"Organization","@id":"https:\/\/www.k-s.lu\/sv\/#organization","name":"Kuylenstierna &amp; Skog S.A","url":"https:\/\/www.k-s.lu\/sv\/","logo":{"@type":"ImageObject","inLanguage":"sv-SE","@id":"https:\/\/www.k-s.lu\/sv\/#\/schema\/logo\/image\/","url":"https:\/\/www.k-s.lu\/wp-content\/uploads\/2019\/05\/ks-wplogo.png","contentUrl":"https:\/\/www.k-s.lu\/wp-content\/uploads\/2019\/05\/ks-wplogo.png","width":190,"height":190,"caption":"Kuylenstierna & Skog S.A"},"image":{"@id":"https:\/\/www.k-s.lu\/sv\/#\/schema\/logo\/image\/"},"sameAs":["https:\/\/www.linkedin.com\/company\/kuylenstierna-skog-s-a\/"]},{"@type":"Person","@id":"https:\/\/www.k-s.lu\/sv\/#\/schema\/person\/79b4731052a3627b7cf4c1d87b176c06","name":"Johan Kjernsvik","image":{"@type":"ImageObject","inLanguage":"sv-SE","@id":"https:\/\/www.k-s.lu\/sv\/#\/schema\/person\/image\/","url":"https:\/\/secure.gravatar.com\/avatar\/587564a77601440e1ff41bd62c48db47dc5546bd011159792442a4ba88e031fa?s=96&d=mm&r=g","contentUrl":"https:\/\/secure.gravatar.com\/avatar\/587564a77601440e1ff41bd62c48db47dc5546bd011159792442a4ba88e031fa?s=96&d=mm&r=g","caption":"Johan Kjernsvik"}}]}},"_links":{"self":[{"href":"https:\/\/www.k-s.lu\/sv\/wp-json\/wp\/v2\/posts\/79490","targetHints":{"allow":["GET"]}}],"collection":[{"href":"https:\/\/www.k-s.lu\/sv\/wp-json\/wp\/v2\/posts"}],"about":[{"href":"https:\/\/www.k-s.lu\/sv\/wp-json\/wp\/v2\/types\/post"}],"author":[{"embeddable":true,"href":"https:\/\/www.k-s.lu\/sv\/wp-json\/wp\/v2\/users\/2"}],"replies":[{"embeddable":true,"href":"https:\/\/www.k-s.lu\/sv\/wp-json\/wp\/v2\/comments?post=79490"}],"version-history":[{"count":1,"href":"https:\/\/www.k-s.lu\/sv\/wp-json\/wp\/v2\/posts\/79490\/revisions"}],"predecessor-version":[{"id":79493,"href":"https:\/\/www.k-s.lu\/sv\/wp-json\/wp\/v2\/posts\/79490\/revisions\/79493"}],"wp:attachment":[{"href":"https:\/\/www.k-s.lu\/sv\/wp-json\/wp\/v2\/media?parent=79490"}],"wp:term":[{"taxonomy":"category","embeddable":true,"href":"https:\/\/www.k-s.lu\/sv\/wp-json\/wp\/v2\/categories?post=79490"},{"taxonomy":"post_tag","embeddable":true,"href":"https:\/\/www.k-s.lu\/sv\/wp-json\/wp\/v2\/tags?post=79490"}],"curies":[{"name":"wp","href":"https:\/\/api.w.org\/{rel}","templated":true}]}}